{"id":33,"date":"2024-03-12T21:49:46","date_gmt":"2024-03-12T20:49:46","guid":{"rendered":"https:\/\/klienci.scepter.agency\/hejna\/?p=33"},"modified":"2024-03-28T22:36:33","modified_gmt":"2024-03-28T21:36:33","slug":"svalbard-lato-2024","status":"publish","type":"post","link":"https:\/\/klienci.scepter.agency\/hejna\/svalbard-lato-2024\/","title":{"rendered":"Arktyczne lato Svalbard 2024"},"content":{"rendered":"\n<h2 class=\"wp-block-heading has-text-align-center\">Rejs inny ni\u017c wszystkie<\/h2>\n\n\n\n<p class=\"has-text-align-center\">Od kilku lat prowadzimy r\u00f3\u017cne rejsy w Arktyce dbaj\u0105c o ich jako\u015b\u0107 i bezpiecze\u0144stwo, jednak nasza w\u0142asna potrzeba pokazania Wam wi\u0119cej, ni\u017c tylko typowe atrakcje turystyczne sprawi\u0142a, \u017ce chcemy robi\u0107 to bardziej. Bardziej profesjonalnie, bardziej \u015bwiadomie, bardziej dok\u0142adnie.<br>By nie tylko pokazywa\u0107 Arktyk\u0119, ale do\u015bwiadcza\u0107, pr\u00f3bowa\u0107, odkrywa\u0107. To nie jest wycieczka obwo\u017ana po najbardziej znanych miejscach &#8211; to prawdziwa ekspedycja w najdalsze i najbardziej odosobnione kra\u0144ce Spitsbergenu.<\/p>\n\n\n\n<p class=\"has-text-align-center\">D\u0142u\u017cszy ni\u017c standardowo, bo a\u017c jedenastodniowy czas rejsu daje nam mo\u017cliwo\u015b\u0107 odwiedzi\u0107\u00a0wi\u0119cej port\u00f3w, ni\u017c w przypadku popularnych wycieczek dost\u0119pnych na rynku. Daje nam te\u017c mo\u017cliwo\u015b\u0107 prawdziwych, czasem wr\u0119cz intymnych spotka\u0144 z dzikim interiorem, prowadzonych z poszanowaniem jego integralno\u015bci i pierwotnego charakteru.<\/p>\n\n\n\n<p><\/p>\n\n\n\n<p><\/p>\n","protected":false},"excerpt":{"rendered":"<p>Rejs inny ni\u017c wszystkie Od kilku lat prowadzimy r\u00f3\u017cne rejsy w Arktyce dbaj\u0105c o ich jako\u015b\u0107 i bezpiecze\u0144stwo, jednak nasza w\u0142asna potrzeba pokazania Wam wi\u0119cej, ni\u017c tylko typowe atrakcje turystyczne sprawi\u0142a, \u017ce chcemy robi\u0107 to bardziej. Bardziej profesjonalnie, bardziej \u015bwiadomie, bardziej dok\u0142adnie.By nie tylko pokazywa\u0107 Arktyk\u0119, ale do\u015bwiadcza\u0107, pr\u00f3bowa\u0107, odkrywa\u0107. To nie jest wycieczka obwo\u017ana [&hellip;]<\/p>\n","protected":false},"author":1,"featured_media":1477,"comment_status":"open","ping_status":"open","sticky":false,"template":"","format":"standard","meta":{"inline_featured_image":false,"footnotes":""},"categories":[2],"tags":[],"class_list":["post-33","post","type-post","status-publish","format-standard","has-post-thumbnail","hentry","category-oferta"],"acf":[],"_links":{"self":[{"href":"https:\/\/klienci.scepter.agency\/hejna\/wp-json\/wp\/v2\/posts\/33","targetHints":{"allow":["GET"]}}],"collection":[{"href":"https:\/\/klienci.scepter.agency\/hejna\/wp-json\/wp\/v2\/posts"}],"about":[{"href":"https:\/\/klienci.scepter.agency\/hejna\/wp-json\/wp\/v2\/types\/post"}],"author":[{"embeddable":true,"href":"https:\/\/klienci.scepter.agency\/hejna\/wp-json\/wp\/v2\/users\/1"}],"replies":[{"embeddable":true,"href":"https:\/\/klienci.scepter.agency\/hejna\/wp-json\/wp\/v2\/comments?post=33"}],"version-history":[{"count":81,"href":"https:\/\/klienci.scepter.agency\/hejna\/wp-json\/wp\/v2\/posts\/33\/revisions"}],"predecessor-version":[{"id":1515,"href":"https:\/\/klienci.scepter.agency\/hejna\/wp-json\/wp\/v2\/posts\/33\/revisions\/1515"}],"wp:featuredmedia":[{"embeddable":true,"href":"https:\/\/klienci.scepter.agency\/hejna\/wp-json\/wp\/v2\/media\/1477"}],"wp:attachment":[{"href":"https:\/\/klienci.scepter.agency\/hejna\/wp-json\/wp\/v2\/media?parent=33"}],"wp:term":[{"taxonomy":"category","embeddable":true,"href":"https:\/\/klienci.scepter.agency\/hejna\/wp-json\/wp\/v2\/categories?post=33"},{"taxonomy":"post_tag","embeddable":true,"href":"https:\/\/klienci.scepter.agency\/hejna\/wp-json\/wp\/v2\/tags?post=33"}],"curies":[{"name":"wp","href":"https:\/\/api.w.org\/{rel}","templated":true}]}}